{"id":104,"date":"2019-03-27T19:42:35","date_gmt":"2019-03-27T18:42:35","guid":{"rendered":"https:\/\/www.baymatik.de\/?p=104"},"modified":"2020-10-15T15:09:05","modified_gmt":"2020-10-15T13:09:05","slug":"kritische-stimmen-zum-special-event-von-apple","status":"publish","type":"post","link":"https:\/\/www.baymatik.de\/?p=104","title":{"rendered":"Kritische Stimmen zum Special Event von Apple"},"content":{"rendered":"<p>Vorgestern war es soweit, Apple hat viele neue Dienstleistungen angek\u00fcndigt, jedoch untypisch f\u00fcr Apple, ist nichts von sofort an f\u00fcr den Kunden verf\u00fcgbar. Viel Krawall, nur um Sachen anzuk\u00fcndigen, die irgendwann im Laufe des Jahres kommen werden. Und irgendwie traue ich Apple hier nicht mal wirklich, dass sie auch tats\u00e4chlich dieses Jahr noch kommen, wenn man sich die Ank\u00fcndigung des Apple Mac Pro sowie des Ladepads anschaut. Alles angek\u00fcndigt worden, gesehen haben, bei Mac Pro fast 2 Jahre sp\u00e4ter noch immer nichts. Grad letzteres d\u00fcrfte ja nicht sooo schwer sein, f\u00fcr jemanden, der seit 30 Jahren Computer baut. Anscheinend aber doch. Aber bevor ich euch hier weiter mit meiner Meinung zutexte, schaut euch das Video von The Verge an, der in die selbe Kerbe gedanklich schl\u00e4gt, wie ich.<\/p>\n<p><iframe loading=\"lazy\" title=\"Apple&#039;s &#039;show time&#039; event was really weird \u2013 here&#039;s why\" width=\"500\" height=\"281\" src=\"https:\/\/www.youtube.com\/embed\/cKwxJPibwuI?feature=oembed\" frameborder=\"0\" allow=\"accelerometer; autoplay; clipboard-write; encrypted-media; gyroscope; picture-in-picture; web-share\" referrerpolicy=\"strict-origin-when-cross-origin\" allowfullscreen><\/iframe><\/p>\n<p>Also ja, keine Ahnung, warum Apple den Special Event abhalten musste, aber offensichtlich wollte man schon im Vorfeld ein wenig Hype erzeugen und den Leuten mitteilen, dass man mit folgenden Services das Feld aufmischen m\u00f6chte. Ich bin jetzt alles andere als ein Business und Wirtschaftsexperte, aber es ist doch sehr offensichtlich, dass Apple mit seinem Streaming Service reichlich sp\u00e4t auf der Partie erscheint. Und anders als mit Apple Music, wo man doch z\u00fcgig Anschluss an Spotify fand, glaube ich nicht, dass das Apple beim Streaming Gesch\u00e4ft gelingen wird. Denn dort gibt es nicht nur einen Marktf\u00fchrer, sondern mit Netflix, Amazone Prime, Youtube und bald auch Disney bereits massiv viel Konkurrenz.<\/p>\n<p>Ehrlich gesagt, habe ich auf ein neues Apple TV Ger\u00e4t gehofft, aber das d\u00fcrfte dann wohl erst im Herbst kommen, wenn das Apple TV+ wirklich verf\u00fcgbar ist. Bis dahin heisst es wohl warten. Bin da bissi unrund, weil ich wirklich eine Apple TV Box brauche und jetzt nicht wieder ein halbes Jahr warten m\u00f6chte. Was tun?<\/p>\n<p>Anyway, ich war f\u00fcr sehr lange Zeit begeisterter Apple Anh\u00e4nger.. aber das hier war jetzt wirklich mau ohne Ende! Wenn Apple 2019 nicht irrelevant werden m\u00f6chte, sollte Apple schauen, dass sie wieder mit innovativen Ideen punkten. Google \/ Youtube hat das mit dem Game Streaming Service Stadia vorgemacht. Arcade von Apple sieht dagegen extrem altbacken aus!<\/p>\n","protected":false},"excerpt":{"rendered":"<p>Vorgestern war es soweit, Apple hat viele neue Dienstleistungen angek\u00fcndigt, jedoch untypisch f\u00fcr Apple, ist nichts von sofort an f\u00fcr den Kunden verf\u00fcgbar. Viel Krawall,&#8230;<\/p>\n<div class=\"more-link-wrapper\"><a class=\"more-link\" href=\"https:\/\/www.baymatik.de\/?p=104\">Continue reading<span class=\"screen-reader-text\">Kritische Stimmen zum Special Event von Apple<\/span><\/a><\/div>\n","protected":false},"author":1,"featured_media":0,"comment_status":"open","ping_status":"open","sticky":false,"template":"","format":"standard","meta":{"footnotes":""},"categories":[1],"tags":[],"class_list":["post-104","post","type-post","status-publish","format-standard","hentry","category-allgemein","entry"],"yoast_head":"<!-- This site is optimized with the Yoast SEO plugin v24.7 - https:\/\/yoast.com\/wordpress\/plugins\/seo\/ -->\n<title>Kritische Stimmen zum Special Event von Apple - Baymatik Blog<\/title>\n<meta name=\"robots\" content=\"index, follow, max-snippet:-1, max-image-preview:large, max-video-preview:-1\" \/>\n<link rel=\"canonical\" href=\"https:\/\/www.baymatik.de\/?p=104\" \/>\n<meta property=\"og:locale\" content=\"de_DE\" \/>\n<meta property=\"og:type\" content=\"article\" \/>\n<meta property=\"og:title\" content=\"Kritische Stimmen zum Special Event von Apple - Baymatik Blog\" \/>\n<meta property=\"og:description\" content=\"Vorgestern war es soweit, Apple hat viele neue Dienstleistungen angek\u00fcndigt, jedoch untypisch f\u00fcr Apple, ist nichts von sofort an f\u00fcr den Kunden verf\u00fcgbar. Viel Krawall,&#8230;\" \/>\n<meta property=\"og:url\" content=\"https:\/\/www.baymatik.de\/?p=104\" \/>\n<meta property=\"og:site_name\" content=\"Baymatik Blog\" \/>\n<meta property=\"article:published_time\" content=\"2019-03-27T18:42:35+00:00\" \/>\n<meta property=\"article:modified_time\" content=\"2020-10-15T13:09:05+00:00\" \/>\n<meta name=\"author\" content=\"admin\" \/>\n<meta name=\"twitter:card\" content=\"summary_large_image\" \/>\n<meta name=\"twitter:label1\" content=\"Verfasst von\" \/>\n\t<meta name=\"twitter:data1\" content=\"admin\" \/>\n<script type=\"application\/ld+json\" class=\"yoast-schema-graph\">{\"@context\":\"https:\/\/schema.org\",\"@graph\":[{\"@type\":\"WebPage\",\"@id\":\"https:\/\/www.baymatik.de\/?p=104\",\"url\":\"https:\/\/www.baymatik.de\/?p=104\",\"name\":\"Kritische Stimmen zum Special Event von Apple - Baymatik Blog\",\"isPartOf\":{\"@id\":\"https:\/\/www.baymatik.de\/#website\"},\"datePublished\":\"2019-03-27T18:42:35+00:00\",\"dateModified\":\"2020-10-15T13:09:05+00:00\",\"author\":{\"@id\":\"https:\/\/www.baymatik.de\/#\/schema\/person\/ed884390c9638d02a0c5e667cff24e20\"},\"breadcrumb\":{\"@id\":\"https:\/\/www.baymatik.de\/?p=104#breadcrumb\"},\"inLanguage\":\"de\",\"potentialAction\":[{\"@type\":\"ReadAction\",\"target\":[\"https:\/\/www.baymatik.de\/?p=104\"]}]},{\"@type\":\"BreadcrumbList\",\"@id\":\"https:\/\/www.baymatik.de\/?p=104#breadcrumb\",\"itemListElement\":[{\"@type\":\"ListItem\",\"position\":1,\"name\":\"Home\",\"item\":\"https:\/\/www.baymatik.de\/\"},{\"@type\":\"ListItem\",\"position\":2,\"name\":\"Kritische Stimmen zum Special Event von Apple\"}]},{\"@type\":\"WebSite\",\"@id\":\"https:\/\/www.baymatik.de\/#website\",\"url\":\"https:\/\/www.baymatik.de\/\",\"name\":\"Baymatik Blog\",\"description\":\"Baymatik&#039;s virtueller Schmierzettel \u00fcber Dies und Jenes\",\"potentialAction\":[{\"@type\":\"SearchAction\",\"target\":{\"@type\":\"EntryPoint\",\"urlTemplate\":\"https:\/\/www.baymatik.de\/?s={search_term_string}\"},\"query-input\":{\"@type\":\"PropertyValueSpecification\",\"valueRequired\":true,\"valueName\":\"search_term_string\"}}],\"inLanguage\":\"de\"},{\"@type\":\"Person\",\"@id\":\"https:\/\/www.baymatik.de\/#\/schema\/person\/ed884390c9638d02a0c5e667cff24e20\",\"name\":\"admin\",\"image\":{\"@type\":\"ImageObject\",\"inLanguage\":\"de\",\"@id\":\"https:\/\/www.baymatik.de\/#\/schema\/person\/image\/\",\"url\":\"https:\/\/secure.gravatar.com\/avatar\/808f4cc6028ed12db5e51b71d2f56dda?s=96&d=mm&r=g\",\"contentUrl\":\"https:\/\/secure.gravatar.com\/avatar\/808f4cc6028ed12db5e51b71d2f56dda?s=96&d=mm&r=g\",\"caption\":\"admin\"}}]}<\/script>\n<!-- \/ Yoast SEO plugin. -->","yoast_head_json":{"title":"Kritische Stimmen zum Special Event von Apple - Baymatik Blog","robots":{"index":"index","follow":"follow","max-snippet":"max-snippet:-1","max-image-preview":"max-image-preview:large","max-video-preview":"max-video-preview:-1"},"canonical":"https:\/\/www.baymatik.de\/?p=104","og_locale":"de_DE","og_type":"article","og_title":"Kritische Stimmen zum Special Event von Apple - Baymatik Blog","og_description":"Vorgestern war es soweit, Apple hat viele neue Dienstleistungen angek\u00fcndigt, jedoch untypisch f\u00fcr Apple, ist nichts von sofort an f\u00fcr den Kunden verf\u00fcgbar. Viel Krawall,&#8230;","og_url":"https:\/\/www.baymatik.de\/?p=104","og_site_name":"Baymatik Blog","article_published_time":"2019-03-27T18:42:35+00:00","article_modified_time":"2020-10-15T13:09:05+00:00","author":"admin","twitter_card":"summary_large_image","twitter_misc":{"Verfasst von":"admin"},"schema":{"@context":"https:\/\/schema.org","@graph":[{"@type":"WebPage","@id":"https:\/\/www.baymatik.de\/?p=104","url":"https:\/\/www.baymatik.de\/?p=104","name":"Kritische Stimmen zum Special Event von Apple - Baymatik Blog","isPartOf":{"@id":"https:\/\/www.baymatik.de\/#website"},"datePublished":"2019-03-27T18:42:35+00:00","dateModified":"2020-10-15T13:09:05+00:00","author":{"@id":"https:\/\/www.baymatik.de\/#\/schema\/person\/ed884390c9638d02a0c5e667cff24e20"},"breadcrumb":{"@id":"https:\/\/www.baymatik.de\/?p=104#breadcrumb"},"inLanguage":"de","potentialAction":[{"@type":"ReadAction","target":["https:\/\/www.baymatik.de\/?p=104"]}]},{"@type":"BreadcrumbList","@id":"https:\/\/www.baymatik.de\/?p=104#breadcrumb","itemListElement":[{"@type":"ListItem","position":1,"name":"Home","item":"https:\/\/www.baymatik.de\/"},{"@type":"ListItem","position":2,"name":"Kritische Stimmen zum Special Event von Apple"}]},{"@type":"WebSite","@id":"https:\/\/www.baymatik.de\/#website","url":"https:\/\/www.baymatik.de\/","name":"Baymatik Blog","description":"Baymatik&#039;s virtueller Schmierzettel \u00fcber Dies und Jenes","potentialAction":[{"@type":"SearchAction","target":{"@type":"EntryPoint","urlTemplate":"https:\/\/www.baymatik.de\/?s={search_term_string}"},"query-input":{"@type":"PropertyValueSpecification","valueRequired":true,"valueName":"search_term_string"}}],"inLanguage":"de"},{"@type":"Person","@id":"https:\/\/www.baymatik.de\/#\/schema\/person\/ed884390c9638d02a0c5e667cff24e20","name":"admin","image":{"@type":"ImageObject","inLanguage":"de","@id":"https:\/\/www.baymatik.de\/#\/schema\/person\/image\/","url":"https:\/\/secure.gravatar.com\/avatar\/808f4cc6028ed12db5e51b71d2f56dda?s=96&d=mm&r=g","contentUrl":"https:\/\/secure.gravatar.com\/avatar\/808f4cc6028ed12db5e51b71d2f56dda?s=96&d=mm&r=g","caption":"admin"}}]}},"_links":{"self":[{"href":"https:\/\/www.baymatik.de\/index.php?rest_route=\/wp\/v2\/posts\/104","targetHints":{"allow":["GET"]}}],"collection":[{"href":"https:\/\/www.baymatik.de\/index.php?rest_route=\/wp\/v2\/posts"}],"about":[{"href":"https:\/\/www.baymatik.de\/index.php?rest_route=\/wp\/v2\/types\/post"}],"author":[{"embeddable":true,"href":"https:\/\/www.baymatik.de\/index.php?rest_route=\/wp\/v2\/users\/1"}],"replies":[{"embeddable":true,"href":"https:\/\/www.baymatik.de\/index.php?rest_route=%2Fwp%2Fv2%2Fcomments&post=104"}],"version-history":[{"count":1,"href":"https:\/\/www.baymatik.de\/index.php?rest_route=\/wp\/v2\/posts\/104\/revisions"}],"predecessor-version":[{"id":106,"href":"https:\/\/www.baymatik.de\/index.php?rest_route=\/wp\/v2\/posts\/104\/revisions\/106"}],"wp:attachment":[{"href":"https:\/\/www.baymatik.de\/index.php?rest_route=%2Fwp%2Fv2%2Fmedia&parent=104"}],"wp:term":[{"taxonomy":"category","embeddable":true,"href":"https:\/\/www.baymatik.de\/index.php?rest_route=%2Fwp%2Fv2%2Fcategories&post=104"},{"taxonomy":"post_tag","embeddable":true,"href":"https:\/\/www.baymatik.de\/index.php?rest_route=%2Fwp%2Fv2%2Ftags&post=104"}],"curies":[{"name":"wp","href":"https:\/\/api.w.org\/{rel}","templated":true}]}}